[{"@context":"https:\/\/schema.org\/","@type":"Article","@id":"https:\/\/www.adres.sk\/vdychnite-svojim-vlasom-novy-zivot\/#Article","mainEntityOfPage":"https:\/\/www.adres.sk\/vdychnite-svojim-vlasom-novy-zivot\/","headline":"Vd\u00fdchnite svojim vlasom nov\u00fd \u017eivot","name":"Vd\u00fdchnite svojim vlasom nov\u00fd \u017eivot","description":"Po hor\u00facich letn\u00fdch d\u0148och, kedy na\u0161e vlasy zostali zoslaben\u00e9 a\u00a0bez \u017eivota, je na\u010dase venova\u0165 im zv\u00fd\u0161en\u00fa pozornos\u0165. Aby sme sa vyhli radik\u00e1lnym zostrihom po\u0161koden\u00fdch kon\u010dekov, \u010di cel\u00fdch prame\u0148ov u\u00a0kadern\u00ed\u010dky, sk\u00faste im najsk\u00f4r pom\u00f4c\u0165\u00a0 doma. V\u00a0ponuke n\u00e1jdeme r\u00f4zne v\u00fd\u017eivn\u00e9 k\u00fary, z\u00e1baly a\u00a0masky, ktor\u00e9 dodaj\u00fa vlasom lesk a\u00a0v\u00fd\u017eivu.\u00a0 Nezab\u00fadajme, \u017ee vlasy potrebuj\u00fa v\u00fd\u017eivu aj zvn\u00fatra a\u00a0preto do [&hellip;]","datePublished":"2019-07-04","dateModified":"2019-07-04","author":{"@type":"Person","@id":"https:\/\/www.adres.sk\/author\/#Person","name":"","url":"https:\/\/www.adres.sk\/author\/","identifier":1,"image":{"@type":"ImageObject","@id":"https:\/\/secure.gravatar.com\/avatar\/99fa2d7bb0ff3369cbf7f1481134d0b6f7aff596e984b7c90a3d99b8b24eb0d8?s=96&d=mm&r=g","url":"https:\/\/secure.gravatar.com\/avatar\/99fa2d7bb0ff3369cbf7f1481134d0b6f7aff596e984b7c90a3d99b8b24eb0d8?s=96&d=mm&r=g","height":96,"width":96}},"publisher":{"@type":"Organization","name":"adres.sk","logo":{"@type":"ImageObject","@id":"\/logo.png","url":"\/logo.png","width":600,"height":60}},"image":{"@type":"ImageObject","@id":"https:\/\/www.adres.sk\/wp-content\/uploads\/img_a304704_w16572_t1565889918.jpg","url":"https:\/\/www.adres.sk\/wp-content\/uploads\/img_a304704_w16572_t1565889918.jpg","height":0,"width":0},"url":"https:\/\/www.adres.sk\/vdychnite-svojim-vlasom-novy-zivot\/","wordCount":398,"articleBody":"Po hor\u00facich letn\u00fdch d\u0148och, kedy na\u0161e vlasy zostali zoslaben\u00e9 a\u00a0bez \u017eivota, je na\u010dase venova\u0165 im zv\u00fd\u0161en\u00fa pozornos\u0165. Aby sme sa vyhli radik\u00e1lnym zostrihom po\u0161koden\u00fdch kon\u010dekov, \u010di cel\u00fdch prame\u0148ov u\u00a0kadern\u00ed\u010dky, sk\u00faste im najsk\u00f4r pom\u00f4c\u0165\u00a0 doma. V\u00a0ponuke n\u00e1jdeme r\u00f4zne v\u00fd\u017eivn\u00e9 k\u00fary, z\u00e1baly a\u00a0masky, ktor\u00e9 dodaj\u00fa vlasom lesk a\u00a0v\u00fd\u017eivu.\u00a0 Nezab\u00fadajme, \u017ee vlasy potrebuj\u00fa v\u00fd\u017eivu aj zvn\u00fatra a\u00a0preto do svojej stravy je vhodn\u00e9 zaradi\u0165 r\u00f4zne vitam\u00ednov\u00e9 doplnky, najm\u00e4 vitam\u00edn H, E, A,\u00a0biot\u00edn ale aj zinok, ktor\u00fd priaznivo ovplyv\u0148uje rast vlasov i\u00a0nechtov. Dodr\u017eiava\u0165 zdrav\u00fa stravu a\u00a0hlavne pitn\u00fd re\u017eim.Ako posledn\u00e9 v\u00fdchodisko h\u013ead\u00e1me u\u00a0kadern\u00ed\u010dky vtedy, ak s\u00fa na\u0161e vl\u00e1sky po\u0161koden\u00e9 do h\u013abky. Kadern\u00ed\u010dka n\u00e1m okrem zostrihu roz\u0161tiepen\u00fdch kon\u010dekov m\u00f4\u017ee poskytn\u00fa\u0165 kvalitnej\u0161\u00ed regenera\u010dn\u00fd z\u00e1bal \u010di k\u00faru. Farbeniu vlasov a\u00a0zbyto\u010dn\u00e9mu za\u0165a\u017eovaniu, by sme sa mali na za\u010diatku vyhn\u00fa\u0165, aby vlasy nezostali po\u0161koden\u00e9 a\u00a0vysu\u0161en\u00e9 e\u0161te viac.Po\u010das ozdravnej k\u00fary je vhodn\u00e9 pou\u017e\u00edva\u0165 najm\u00e4 v\u00fdrobky na rastlinnej b\u00e1ze, bez zbyto\u010dn\u00fdch chemick\u00fdch pr\u00edpravkov, taktie\u017e minimalizova\u0165 pou\u017e\u00edvanie \u017eehli\u010dky na vlasy a\u00a0f\u00e9novanie hor\u00facim vzduchom. Takto odpor\u00fa\u010dame necha\u0165 vlasy oddychova\u0165 aspo\u0148 zop\u00e1r dn\u00ed.Ak s\u00fa na\u0161e vl\u00e1sky ozdraven\u00e9 a\u00a0op\u00e4\u0165 \u017eiaria svie\u017eos\u0165ou, leskom a\u00a0zdrav\u00edm, m\u00f4\u017eete sa rozhodn\u00fa\u0165 pre \u010fal\u0161iu \u00fapravu, \u010do sa t\u00fdka farby alebo zostrihu. Na jese\u0148 bud\u00fa v\u00a0m\u00f3de farby v\u00a0odtie\u0148och \u010dol\u00e1dovo-medenej, ga\u0161tanovo-zlatist\u00e9, atramentovo \u010dierne .Pre odv\u00e1\u017elivej\u0161ie d\u00e1my na\u010falej zost\u00e1va \u201ein\u201c aj farba v\u00a0odtieni svetlofialovej \u010di v\u00a0odtieni living coral \u2013 \u010do je medovo koralov\u00fd odtie\u0148. Zost\u00e1va len na V\u00e1s, ktor\u00fd odtie\u0148 sa hod\u00ed k\u00a0V\u00e1\u0161mu \u0161t\u00fdlu a\u00a0osobnosti.Pokia\u013e chcete zmenu v\u00a0strihu, zost\u00e1vaj\u00fa i\u00a0na\u010falej aktu\u00e1lne trendy v rovnom\u00a0long-bobe, \u010di kr\u00e1snych jemn\u00fdch vln\u00e1ch. Medzi jesenn\u00fdmi trendami so svoje miesto ur\u010dite n\u00e1jdu i\u00a0vesel\u00e9 strapat\u00e9 drdoly, ale i\u00a0zaplietan\u00e9 vrko\u010de v r\u00f4znych sp\u00f4soboch. Vlasov\u00e9 doplnky odpor\u00fa\u010dame iba minim\u00e1lne, ale o\u00a0to v\u00fdraznej\u0161ie.                                                                                                                                                                                                                                                                                                                                                                                        4\/5 - (2 votes)        "},{"@context":"https:\/\/schema.org\/","@type":"BreadcrumbList","itemListElement":[{"@type":"ListItem","position":1,"name":"Vd\u00fdchnite svojim vlasom nov\u00fd \u017eivot","item":"https:\/\/www.adres.sk\/vdychnite-svojim-vlasom-novy-zivot\/#breadcrumbitem"}]}]