{"@context":"https:\/\/schema.org\/","@type":"CollectionPage","@id":"https:\/\/www.adres.sk\/elektro\/#CollectionPage","headline":"Elektro Category","description":"","url":"https:\/\/www.adres.sk\/elektro\/","hasPart":[{"@type":"Article","@id":"https:\/\/www.adres.sk\/vyuzitie-elektrickeho-naradia\/","headline":"Vyu\u017eitie elektrick\u00e9ho n\u00e1radia","url":"https:\/\/www.adres.sk\/vyuzitie-elektrickeho-naradia\/","datePublished":"2024-01-20","dateModified":"2024-01-20","mainEntityOfPage":"https:\/\/www.adres.sk\/vyuzitie-elektrickeho-naradia\/","author":{"@type":"Person","@id":"https:\/\/www.adres.sk\/author\/#Person","name":"","url":"https:\/\/www.adres.sk\/author\/","identifier":1,"image":{"@type":"ImageObject","@id":"https:\/\/secure.gravatar.com\/avatar\/99fa2d7bb0ff3369cbf7f1481134d0b6f7aff596e984b7c90a3d99b8b24eb0d8?s=96&d=mm&r=g","url":"https:\/\/secure.gravatar.com\/avatar\/99fa2d7bb0ff3369cbf7f1481134d0b6f7aff596e984b7c90a3d99b8b24eb0d8?s=96&d=mm&r=g","height":96,"width":96}},"publisher":{"@type":"Organization","name":"adres.sk","logo":{"@type":"ImageObject","@id":"\/logo.png","url":"\/logo.png","width":600,"height":60}},"image":{"@type":"ImageObject","@id":"https:\/\/www.adres.sk\/wp-content\/uploads\/fall-2759887_640_1.jpg","url":"https:\/\/www.adres.sk\/wp-content\/uploads\/fall-2759887_640_1.jpg","height":0,"width":0},"keywords":null},{"@type":"Article","@id":"https:\/\/www.adres.sk\/privitajte-zimne-prsty-prehlad-noveho-pohodlia-s-elektrickou-podlozkou-pod-klavesnicu\/","headline":"Priv\u00edtajte Zimn\u00e9 Prsty: Preh\u013ead nov\u00e9ho pohodlia s elektrickou podlo\u017ekou pod kl\u00e1vesnicu","url":"https:\/\/www.adres.sk\/privitajte-zimne-prsty-prehlad-noveho-pohodlia-s-elektrickou-podlozkou-pod-klavesnicu\/","datePublished":"2023-10-12","dateModified":"2023-10-12","mainEntityOfPage":"https:\/\/www.adres.sk\/privitajte-zimne-prsty-prehlad-noveho-pohodlia-s-elektrickou-podlozkou-pod-klavesnicu\/","author":{"@type":"Person","@id":"https:\/\/www.adres.sk\/author\/#Person","name":"","url":"https:\/\/www.adres.sk\/author\/","identifier":1,"image":{"@type":"ImageObject","@id":"https:\/\/secure.gravatar.com\/avatar\/99fa2d7bb0ff3369cbf7f1481134d0b6f7aff596e984b7c90a3d99b8b24eb0d8?s=96&d=mm&r=g","url":"https:\/\/secure.gravatar.com\/avatar\/99fa2d7bb0ff3369cbf7f1481134d0b6f7aff596e984b7c90a3d99b8b24eb0d8?s=96&d=mm&r=g","height":96,"width":96}},"publisher":{"@type":"Organization","name":"adres.sk","logo":{"@type":"ImageObject","@id":"\/logo.png","url":"\/logo.png","width":600,"height":60}},"image":{"@type":"ImageObject","@id":"https:\/\/www.adres.sk\/wp-content\/uploads\/imagesfycxs.jpg","url":"https:\/\/www.adres.sk\/wp-content\/uploads\/imagesfycxs.jpg","height":0,"width":0},"keywords":null},{"@type":"Article","@id":"https:\/\/www.adres.sk\/facebook-financuje-experiment-ai-na-citanie-myslienok\/","headline":"Facebook financuje experiment AI na \u010d\u00edtanie my\u0161lienok","url":"https:\/\/www.adres.sk\/facebook-financuje-experiment-ai-na-citanie-myslienok\/","datePublished":"2019-11-12","dateModified":"2019-11-12","mainEntityOfPage":"https:\/\/www.adres.sk\/facebook-financuje-experiment-ai-na-citanie-myslienok\/","author":{"@type":"Person","@id":"https:\/\/www.adres.sk\/author\/#Person","name":"","url":"https:\/\/www.adres.sk\/author\/","identifier":1,"image":{"@type":"ImageObject","@id":"https:\/\/secure.gravatar.com\/avatar\/99fa2d7bb0ff3369cbf7f1481134d0b6f7aff596e984b7c90a3d99b8b24eb0d8?s=96&d=mm&r=g","url":"https:\/\/secure.gravatar.com\/avatar\/99fa2d7bb0ff3369cbf7f1481134d0b6f7aff596e984b7c90a3d99b8b24eb0d8?s=96&d=mm&r=g","height":96,"width":96}},"publisher":{"@type":"Organization","name":"adres.sk","logo":{"@type":"ImageObject","@id":"\/logo.png","url":"\/logo.png","width":600,"height":60}},"image":{"@type":"ImageObject","@id":"https:\/\/www.adres.sk\/wp-content\/uploads\/img_a305348_w16780_t1566644007.png","url":"https:\/\/www.adres.sk\/wp-content\/uploads\/img_a305348_w16780_t1566644007.png","height":0,"width":0},"keywords":null},{"@type":"Article","@id":"https:\/\/www.adres.sk\/najocakavanejsi-darcek-pre-vianoce-2020-je-nim-playstation-5\/","headline":"Najo\u010dak\u00e1vanej\u0161\u00ed dar\u010dek pre Vianoce 2020? Je n\u00edm Playstation 5!","url":"https:\/\/www.adres.sk\/najocakavanejsi-darcek-pre-vianoce-2020-je-nim-playstation-5\/","datePublished":"2019-10-06","dateModified":"2019-10-06","mainEntityOfPage":"https:\/\/www.adres.sk\/najocakavanejsi-darcek-pre-vianoce-2020-je-nim-playstation-5\/","author":{"@type":"Person","@id":"https:\/\/www.adres.sk\/author\/#Person","name":"","url":"https:\/\/www.adres.sk\/author\/","identifier":1,"image":{"@type":"ImageObject","@id":"https:\/\/secure.gravatar.com\/avatar\/99fa2d7bb0ff3369cbf7f1481134d0b6f7aff596e984b7c90a3d99b8b24eb0d8?s=96&d=mm&r=g","url":"https:\/\/secure.gravatar.com\/avatar\/99fa2d7bb0ff3369cbf7f1481134d0b6f7aff596e984b7c90a3d99b8b24eb0d8?s=96&d=mm&r=g","height":96,"width":96}},"publisher":{"@type":"Organization","name":"adres.sk","logo":{"@type":"ImageObject","@id":"\/logo.png","url":"\/logo.png","width":600,"height":60}},"image":{"@type":"ImageObject","@id":"https:\/\/www.adres.sk\/wp-content\/uploads\/img_a307452_w16833_t1571668113.jpg","url":"https:\/\/www.adres.sk\/wp-content\/uploads\/img_a307452_w16833_t1571668113.jpg","height":0,"width":0},"keywords":null}]}