[{"@context":"https:\/\/schema.org\/","@type":"Article","@id":"https:\/\/www.adres.sk\/depresia-nasa-kazdodenna\/#Article","mainEntityOfPage":"https:\/\/www.adres.sk\/depresia-nasa-kazdodenna\/","headline":"Depresia na\u0161a ka\u017edodenn\u00e1","name":"Depresia na\u0161a ka\u017edodenn\u00e1","description":"Mo\u017eno ste mierne prekvapen\u00fd z\u00a0toho \u00favodu, \u017ee som to tak hne\u010f, r\u00fdchlo a\u00a0na rovinu zhrnula, ale je to tak. Mno\u017estvo \u013eud\u00ed si to, bohu\u017eia\u013e, neuvedomuje. Depresia je v\u00e1\u017ene ochorenie, ktor\u00e9 nesie so sebou n\u00e1sledky. N\u00e1sledky zlej n\u00e1lady nielen pre sam\u00e9ho \u010dloveka, ale aj pre cel\u00e9 jeho okolie, pre ktor\u00e9 to ur\u010dite nie je pr\u00edjemn\u00e9, \u017ee [&hellip;]","datePublished":"2019-11-23","dateModified":"2019-11-23","author":{"@type":"Person","@id":"https:\/\/www.adres.sk\/author\/#Person","name":"","url":"https:\/\/www.adres.sk\/author\/","identifier":1,"image":{"@type":"ImageObject","@id":"https:\/\/secure.gravatar.com\/avatar\/99fa2d7bb0ff3369cbf7f1481134d0b6f7aff596e984b7c90a3d99b8b24eb0d8?s=96&d=mm&r=g","url":"https:\/\/secure.gravatar.com\/avatar\/99fa2d7bb0ff3369cbf7f1481134d0b6f7aff596e984b7c90a3d99b8b24eb0d8?s=96&d=mm&r=g","height":96,"width":96}},"publisher":{"@type":"Organization","name":"adres.sk","logo":{"@type":"ImageObject","@id":"\/logo.png","url":"\/logo.png","width":600,"height":60}},"image":{"@type":"ImageObject","@id":"https:\/\/www.adres.sk\/wp-content\/uploads\/img_a300907_w16485_t1558368438.jpg","url":"https:\/\/www.adres.sk\/wp-content\/uploads\/img_a300907_w16485_t1558368438.jpg","height":0,"width":0},"url":"https:\/\/www.adres.sk\/depresia-nasa-kazdodenna\/","wordCount":496,"articleBody":"Mo\u017eno ste mierne prekvapen\u00fd z\u00a0toho \u00favodu, \u017ee som to tak hne\u010f, r\u00fdchlo a\u00a0na rovinu zhrnula, ale je to tak. Mno\u017estvo \u013eud\u00ed si to, bohu\u017eia\u013e, neuvedomuje. Depresia je v\u00e1\u017ene ochorenie, ktor\u00e9 nesie so sebou n\u00e1sledky. N\u00e1sledky zlej n\u00e1lady nielen pre sam\u00e9ho \u010dloveka, ale aj pre cel\u00e9 jeho okolie, pre ktor\u00e9 to ur\u010dite nie je pr\u00edjemn\u00e9, \u017ee dan\u00fd \u010dlovek m\u00e1 st\u00e1le zl\u00fa n\u00e1ladu. Aj pre\u0148ho samotn\u00e9ho to mus\u00ed by\u0165 deprimuj\u00face, \u017ee si nevie s\u00e1m pom\u00f4c\u0165. Nevie si rozk\u00e1za\u0165 ma\u0165 in\u00fa n\u00e1ladu. Je to v\u00a0\u0148om, ale neovplyvn\u00ed to.Samozrejme, nielen zl\u00e1 n\u00e1lada je ukazovate\u013eom depresie. Za depresiou sa m\u00f4\u017eu skr\u00fdva\u0165 aj striedav\u00e9 n\u00e1lady, ke\u010f m\u00e1 dan\u00fd \u010dlovek depresiu len z\u00a0nejak\u00e9ho bodu v\u00a0jeho \u017eivote. Napr\u00edklad zo \u0161t\u00fadia. Potom treba tento bod v\u00a0\u017eivote tohto \u010dloveka jednozna\u010dne odstr\u00e1ni\u0165. Mo\u017eno nie je spr\u00e1vna vo\u013eba odstr\u00e1ni\u0165 \u0161kolu z\u00a0nejak\u00e9ho \u017eivota, no d\u00e1 sa vymeni\u0165 za in\u00fa, ktor\u00e1 nebude a\u017e to\u013eko stresuj\u00faca ako dan\u00e1 \u0161kola. Mo\u017enost\u00ed je viac, len treba h\u013eada\u0165 a\u00a0rie\u0161i\u0165 tento probl\u00e9m. Netreba \u010daka\u0165 na to, \u017ee s\u00e1m od seba odznie alebo sa strat\u00ed zmenou okolnost\u00ed za p\u00e1r mesiacov. Je to v\u00e1\u017ena choroba, preto ju treba rie\u0161i\u0165 ihne\u010f.Mo\u017eno si to niekto ani neuvedomuje, ale \u010dloveka s\u00a0depresiou netreba zatracova\u0165, ale sk\u00f4r mu treba pom\u00f4c\u0165. Nenavrhujte mu rie\u0161enia ako sa m\u00e1 pohn\u00fa\u0165 z\u00a0miesta \u010falej, ale nen\u00e1padne mu s\u00a0t\u00fdm pom\u00e1hajte. Preto\u017ee on s\u00e1m ve\u013emi dobre vie, \u017ee by sa mal pohn\u00fa\u0165 \u010falej, ale s\u00e1m to nedok\u00e1\u017ee. Je ako keby v\u00a0tranze, \u017ee v\u0161etko je na ni\u010d, on ni\u010d nezm\u00f4\u017ee a\u00a0v\u0161etko bude u\u017e len zl\u00e9. V\u0161etko vid\u00ed v\u00a0\u010diernych farb\u00e1ch. Uk\u00e1\u017ete mu tie svetl\u00e9 farby, na ktor\u00e9 by sa mal pozera\u0165. Nen\u00e1padne, ale \u00fa\u010dinne. No, pozor na to, aby ste nesk\u013azli do jeho \u010diernych farieb.Mo\u017eno pom\u00f4\u017ee tak\u00e9muto \u010dloveku, ke\u010f sa p\u00e1r mesiacov bude venova\u0165 len s\u00e1m sebe. Aby robil len to, \u010do ho bav\u00ed, a\u00a0\u010do ho nap\u013a\u0148a. Potom jeho \u017eivot dostane nov\u00e9 vesel\u0161ie farby. Nov\u00fd n\u00e1dych. Potom sa bude m\u00f4c\u0165 vr\u00e1ti\u0165 do zabehnut\u00e9ho \u017eivota, preto\u017ee bude ma\u0165 nov\u00fd poh\u013ead na svet. \u010casto sk\u013aznu do depresiu \u013eudia, ktor\u00ed s\u00fa u\u017e dlhodobo zabehnut\u00ed v\u00a0zamestnan\u00ed, ale s\u00fa tam len zo zotrva\u010dnosti. Ni\u010d nov\u00e9 im to neprin\u00e1\u0161a a\u00a0s\u00fa ne\u0161\u0165astn\u00ed&#8230; Dlhodobo pretrv\u00e1vaj\u00fa v\u00a0stave ne\u0161\u0165astia a\u00a0potom sa to prejav\u00ed ich n\u00e1ladovos\u0165ou a\u00a0poh\u013eadom, ktor\u00fd je ve\u013emi pochm\u00farny. Je to choroba, no netreba sa za \u0148u hanbi\u0165. Je lie\u010dite\u013en\u00e1 a\u00a0zmen\u00ed v\u00e1m to \u017eivot. Doslova a\u00a0do p\u00edsmena. Netreba sa b\u00e1\u0165.                                                                                                                                                                                                                                                                                                                                                                                        4.3\/5 - (15 votes)        "},{"@context":"https:\/\/schema.org\/","@type":"BreadcrumbList","itemListElement":[{"@type":"ListItem","position":1,"name":"Depresia na\u0161a ka\u017edodenn\u00e1","item":"https:\/\/www.adres.sk\/depresia-nasa-kazdodenna\/#breadcrumbitem"}]}]